{"id":608,"date":"2025-02-13T14:35:02","date_gmt":"2025-02-13T19:35:02","guid":{"rendered":"https:\/\/cdewindsor.ca\/?p=608"},"modified":"2025-09-25T10:58:39","modified_gmt":"2025-09-25T14:58:39","slug":"nouveaux-locaux-pour-ecce-terra-a-windsor","status":"publish","type":"post","link":"https:\/\/cdewindsor.ca\/index.php\/2025\/02\/13\/nouveaux-locaux-pour-ecce-terra-a-windsor\/","title":{"rendered":"Nouveaux locaux pour Ecce Terra \u00e0 Windsor !"},"content":{"rendered":"\n<p class=\"wp-block-paragraph\">Hier soir, nous avons c\u00e9l\u00e9br\u00e9 l\u2019inauguration des nouveaux bureaux d\u2019Ecce Terra \u00e0 Windsor ! <img decoding=\"async\" height=\"16\" width=\"16\" alt=\"\ud83c\udfe2\" src=\"https:\/\/static.xx.fbcdn.net\/images\/emoji.php\/v9\/t97\/2\/16\/1f3e2.png\"><img decoding=\"async\" height=\"16\" width=\"16\" alt=\"\u2728\" src=\"https:\/\/static.xx.fbcdn.net\/images\/emoji.php\/v9\/t75\/2\/16\/2728.png\"><\/p>\n\n\n\n<p class=\"wp-block-paragraph\">D\u00e9j\u00e0 bien <a><\/a>\u00e9tablie dans notre communaut\u00e9, la firme d\u2019arpenteurs-g\u00e9om\u00e8tres poursuit son d\u00e9veloppement en s\u2019installant dans un espace repens\u00e9 pour mieux r\u00e9pondre aux besoins de sa client\u00e8le.<\/p>\n\n\n\n<p class=\"wp-block-paragraph\">L\u2019\u00e9v\u00e9nement s\u2019est d\u00e9roul\u00e9 en pr\u00e9sence de Mme Sylvie Bureau, mairesse de Windsor, de M. Roland Camir\u00e9, maire Val-Joli, de la Chambre de Commerce de Windsor, de repr\u00e9sentants de la municipalit\u00e9 de Saint-Fran\u00e7ois-Xavier-de-Brompton, du bureau de M. Andr\u00e9 Bachand, d\u00e9put\u00e9 de Richmond \u00e0 l&rsquo;Assembl\u00e9e nationale, ainsi que du Comit\u00e9 de d\u00e9veloppement \u00e9conomique. Une belle marque de soutien \u00e0 la vitalit\u00e9 \u00e9conomique de notre r\u00e9gion !<\/p>\n\n\n\n<p class=\"wp-block-paragraph\">F\u00e9licitations \u00e0 toute l\u2019\u00e9quipe d\u2019Ecce Terra pour cette nouvelle \u00e9tape et longue vie \u00e0 vos nouveaux locaux ! <img decoding=\"async\" height=\"16\" width=\"16\" alt=\"\ud83d\udc4f\" src=\"https:\/\/static.xx.fbcdn.net\/images\/emoji.php\/v9\/t9d\/2\/16\/1f44f.png\"><\/p>\n\n\n\n<p class=\"wp-block-paragraph\"><a href=\"https:\/\/www.facebook.com\/hashtag\/windsorqc?__eep__=6&amp;__cft__[0]=AZURema4ZdkN7tDxm-OzvaLNf486c_vpNnA8DoNUhTBAgStDK1Oy3TWwRyyM4fKVz3lrsNoDFLVX5U8WfxvHDqrsBP0coTFpLCQnOXEW1ypABovrMaghrGhBkCMlurfHN2IpJ9GOrfuOPMTB3z6KIzsnc9ZvNDrh1cyyrlC3JTKhO9c7katX3g13_mnagygiSeSqnT5s4M13r9_GWs2M6ThgYU85zUDzInrtQgeCm6cO6Q&amp;__tn__=*NK-y-R\">#WindsorQc<\/a><a href=\"https:\/\/www.facebook.com\/hashtag\/d%C3%A9veloppement%C3%A9conomique?__eep__=6&amp;__cft__[0]=AZURema4ZdkN7tDxm-OzvaLNf486c_vpNnA8DoNUhTBAgStDK1Oy3TWwRyyM4fKVz3lrsNoDFLVX5U8WfxvHDqrsBP0coTFpLCQnOXEW1ypABovrMaghrGhBkCMlurfHN2IpJ9GOrfuOPMTB3z6KIzsnc9ZvNDrh1cyyrlC3JTKhO9c7katX3g13_mnagygiSeSqnT5s4M13r9_GWs2M6ThgYU85zUDzInrtQgeCm6cO6Q&amp;__tn__=*NK-y-R\">#D\u00e9veloppement\u00c9conomique<\/a><a href=\"https:\/\/www.facebook.com\/hashtag\/nouveauxlocaux?__eep__=6&amp;__cft__[0]=AZURema4ZdkN7tDxm-OzvaLNf486c_vpNnA8DoNUhTBAgStDK1Oy3TWwRyyM4fKVz3lrsNoDFLVX5U8WfxvHDqrsBP0coTFpLCQnOXEW1ypABovrMaghrGhBkCMlurfHN2IpJ9GOrfuOPMTB3z6KIzsnc9ZvNDrh1cyyrlC3JTKhO9c7katX3g13_mnagygiSeSqnT5s4M13r9_GWs2M6ThgYU85zUDzInrtQgeCm6cO6Q&amp;__tn__=*NK-y-R\">#NouveauxLocaux<\/a><a href=\"https:\/\/www.facebook.com\/hashtag\/ecceterra?__eep__=6&amp;__cft__[0]=AZURema4ZdkN7tDxm-OzvaLNf486c_vpNnA8DoNUhTBAgStDK1Oy3TWwRyyM4fKVz3lrsNoDFLVX5U8WfxvHDqrsBP0coTFpLCQnOXEW1ypABovrMaghrGhBkCMlurfHN2IpJ9GOrfuOPMTB3z6KIzsnc9ZvNDrh1cyyrlC3JTKhO9c7katX3g13_mnagygiSeSqnT5s4M13r9_GWs2M6ThgYU85zUDzInrtQgeCm6cO6Q&amp;__tn__=*NK-y-R\">#EcceTerra<\/a><\/p>\n","protected":false},"excerpt":{"rendered":"<p>Hier soir, nous avons c\u00e9l\u00e9br\u00e9 l\u2019inauguration des nouveaux bureaux d\u2019Ecce Terra \u00e0 Windsor ! D\u00e9j\u00e0 bien \u00e9tablie dans notre communaut\u00e9, la firme d\u2019arpenteurs-g\u00e9om\u00e8tres poursuit son d\u00e9veloppement en s\u2019installant dans un espace repens\u00e9 pour mieux r\u00e9pondre aux besoins de sa client\u00e8le. L\u2019\u00e9v\u00e9nement s\u2019est d\u00e9roul\u00e9 en pr\u00e9sence de Mme Sylvie Bureau, mairesse de Windsor, de M. Roland [&hellip;]<\/p>\n","protected":false},"author":1,"featured_media":609,"comment_status":"closed","ping_status":"open","sticky":false,"template":"","format":"standard","meta":{"footnotes":""},"categories":[9],"tags":[],"class_list":["post-608","post","type-post","status-publish","format-standard","has-post-thumbnail","hentry","category-entrepreneuriat"],"_links":{"self":[{"href":"https:\/\/cdewindsor.ca\/index.php\/wp-json\/wp\/v2\/posts\/608","targetHints":{"allow":["GET"]}}],"collection":[{"href":"https:\/\/cdewindsor.ca\/index.php\/wp-json\/wp\/v2\/posts"}],"about":[{"href":"https:\/\/cdewindsor.ca\/index.php\/wp-json\/wp\/v2\/types\/post"}],"author":[{"embeddable":true,"href":"https:\/\/cdewindsor.ca\/index.php\/wp-json\/wp\/v2\/users\/1"}],"replies":[{"embeddable":true,"href":"https:\/\/cdewindsor.ca\/index.php\/wp-json\/wp\/v2\/comments?post=608"}],"version-history":[{"count":1,"href":"https:\/\/cdewindsor.ca\/index.php\/wp-json\/wp\/v2\/posts\/608\/revisions"}],"predecessor-version":[{"id":610,"href":"https:\/\/cdewindsor.ca\/index.php\/wp-json\/wp\/v2\/posts\/608\/revisions\/610"}],"wp:featuredmedia":[{"embeddable":true,"href":"https:\/\/cdewindsor.ca\/index.php\/wp-json\/wp\/v2\/media\/609"}],"wp:attachment":[{"href":"https:\/\/cdewindsor.ca\/index.php\/wp-json\/wp\/v2\/media?parent=608"}],"wp:term":[{"taxonomy":"category","embeddable":true,"href":"https:\/\/cdewindsor.ca\/index.php\/wp-json\/wp\/v2\/categories?post=608"},{"taxonomy":"post_tag","embeddable":true,"href":"https:\/\/cdewindsor.ca\/index.php\/wp-json\/wp\/v2\/tags?post=608"}],"curies":[{"name":"wp","href":"https:\/\/api.w.org\/{rel}","templated":true}]}}