{"id":853,"date":"2025-12-17T09:57:40","date_gmt":"2025-12-17T14:57:40","guid":{"rendered":"https:\/\/cdewindsor.ca\/?p=853"},"modified":"2025-12-17T09:59:02","modified_gmt":"2025-12-17T14:59:02","slug":"appel-de-projets-volet-commerces-de-proximite-du-fonds-regions-et-ruralite","status":"publish","type":"post","link":"https:\/\/cdewindsor.ca\/index.php\/2025\/12\/17\/appel-de-projets-volet-commerces-de-proximite-du-fonds-regions-et-ruralite\/","title":{"rendered":"Appel de projets \u2013 Volet Commerces de proximit\u00e9 du Fonds r\u00e9gions et ruralit\u00e9"},"content":{"rendered":"\n<p class=\"wp-block-paragraph\">Le <strong>minist\u00e8re des Affaires municipales et de l\u2019Habitation (MAMH)<\/strong>, en collaboration avec la <strong>F\u00e9d\u00e9ration qu\u00e9b\u00e9coise des municipalit\u00e9s (FQM)<\/strong> et l\u2019<strong>Union des municipalit\u00e9s du Qu\u00e9bec (UMQ)<\/strong>, lance un nouvel <strong>appel de projets dans le cadre du volet <em>Commerces de proximit\u00e9<\/em> du Fonds r\u00e9gions et ruralit\u00e9 (FRR)<\/strong>.<\/p>\n\n\n\n<p class=\"wp-block-paragraph\">Les entreprises et promoteurs ont jusqu\u2019au <strong>16 f\u00e9vrier<\/strong> pour d\u00e9poser leur demande.<\/p>\n\n\n\n<h3 class=\"wp-block-heading\">Soutenir les services essentiels en milieu local<\/h3>\n\n\n\n<p class=\"wp-block-paragraph\">Ce programme vise \u00e0 <strong>maintenir, d\u00e9velopper ou consolider des commerces de proximit\u00e9<\/strong> offrant des biens et services essentiels \u00e0 la population, particuli\u00e8rement dans les municipalit\u00e9s de <strong>moins de 20 000 habitants<\/strong>, comme Windsor.<\/p>\n\n\n\n<p class=\"wp-block-paragraph\">Les projets admissibles concernent notamment les commerces offrant :<\/p>\n\n\n\n<ul class=\"wp-block-list\">\n<li>des <strong>aliments<\/strong>;<\/li>\n\n\n\n<li>des <strong>mat\u00e9riaux de construction<\/strong>;<\/li>\n\n\n\n<li>des <strong>biens de consommation courante<\/strong>;<\/li>\n\n\n\n<li>du <strong>carburant<\/strong>.<\/li>\n<\/ul>\n\n\n\n<p class=\"wp-block-paragraph\">Le volet <em>Commerces de proximit\u00e9<\/em> du FRR constitue un levier important pour <strong>renforcer l\u2019attractivit\u00e9 des milieux<\/strong>, favoriser l\u2019<strong>achat local<\/strong> et assurer l\u2019<strong>accessibilit\u00e9 aux services de premi\u00e8re n\u00e9cessit\u00e9<\/strong> pour les citoyens.<\/p>\n\n\n\n<h3 class=\"wp-block-heading\">Une opportunit\u00e9 pour les entrepreneurs et promoteurs<\/h3>\n\n\n\n<p class=\"wp-block-paragraph\">Les entreprises existantes, en d\u00e9marrage ou en phase de rel\u00e8ve sont invit\u00e9es \u00e0 \u00e9valuer leur admissibilit\u00e9 et \u00e0 d\u00e9poser un projet. L\u2019aide financi\u00e8re peut contribuer, entre autres, \u00e0 :<\/p>\n\n\n\n<ul class=\"wp-block-list\">\n<li>la mise sur pied ou la modernisation d\u2019un commerce;<\/li>\n\n\n\n<li>l\u2019am\u00e9lioration de l\u2019offre de services;<\/li>\n\n\n\n<li>la p\u00e9rennit\u00e9 d\u2019un commerce essentiel au c\u0153ur de la communaut\u00e9.<\/li>\n<\/ul>\n\n\n\n<h3 class=\"wp-block-heading\">Pour en savoir plus<\/h3>\n\n\n\n<p class=\"wp-block-paragraph\">Les crit\u00e8res d\u2019admissibilit\u00e9, les modalit\u00e9s du programme et les d\u00e9tails pour le d\u00e9p\u00f4t d\u2019une demande sont disponibles sur le site du gouvernement du Qu\u00e9bec :<br>\ud83d\udc49 <a href=\"https:\/\/www.quebec.ca\/habitation-territoire\/amenagement-developpement-territoires\/developpement\/fonds-programmes\/fonds-regions-ruralite\/volet-commerces-proximite\">https:\/\/www.quebec.ca\/habitation-territoire\/amenagement-developpement-territoires\/developpement\/fonds-programmes\/fonds-regions-ruralite\/volet-commerces-proximite<\/a><\/p>\n\n\n\n<p class=\"wp-block-paragraph\">Le <strong>Comit\u00e9 de d\u00e9veloppement \u00e9conomique de Windsor<\/strong> invite les entrepreneurs int\u00e9ress\u00e9s \u00e0 <strong>communiquer avec son \u00e9quipe<\/strong> pour obtenir de l\u2019accompagnement ou discuter de leur projet.<\/p>\n\n\n\n<p class=\"wp-block-paragraph\"><\/p>\n","protected":false},"excerpt":{"rendered":"<p>Le minist\u00e8re des Affaires municipales et de l\u2019Habitation (MAMH), en collaboration avec la F\u00e9d\u00e9ration qu\u00e9b\u00e9coise des municipalit\u00e9s (FQM) et l\u2019Union des municipalit\u00e9s du Qu\u00e9bec (UMQ), lance un nouvel appel de projets dans le cadre du volet Commerces de proximit\u00e9 du Fonds r\u00e9gions et ruralit\u00e9 (FRR). Les entreprises et promoteurs ont jusqu\u2019au 16 f\u00e9vrier pour d\u00e9poser [&hellip;]<\/p>\n","protected":false},"author":1,"featured_media":855,"comment_status":"closed","ping_status":"open","sticky":false,"template":"","format":"standard","meta":{"footnotes":""},"categories":[13],"tags":[],"class_list":["post-853","post","type-post","status-publish","format-standard","has-post-thumbnail","hentry","category-financement"],"_links":{"self":[{"href":"https:\/\/cdewindsor.ca\/index.php\/wp-json\/wp\/v2\/posts\/853","targetHints":{"allow":["GET"]}}],"collection":[{"href":"https:\/\/cdewindsor.ca\/index.php\/wp-json\/wp\/v2\/posts"}],"about":[{"href":"https:\/\/cdewindsor.ca\/index.php\/wp-json\/wp\/v2\/types\/post"}],"author":[{"embeddable":true,"href":"https:\/\/cdewindsor.ca\/index.php\/wp-json\/wp\/v2\/users\/1"}],"replies":[{"embeddable":true,"href":"https:\/\/cdewindsor.ca\/index.php\/wp-json\/wp\/v2\/comments?post=853"}],"version-history":[{"count":1,"href":"https:\/\/cdewindsor.ca\/index.php\/wp-json\/wp\/v2\/posts\/853\/revisions"}],"predecessor-version":[{"id":854,"href":"https:\/\/cdewindsor.ca\/index.php\/wp-json\/wp\/v2\/posts\/853\/revisions\/854"}],"wp:featuredmedia":[{"embeddable":true,"href":"https:\/\/cdewindsor.ca\/index.php\/wp-json\/wp\/v2\/media\/855"}],"wp:attachment":[{"href":"https:\/\/cdewindsor.ca\/index.php\/wp-json\/wp\/v2\/media?parent=853"}],"wp:term":[{"taxonomy":"category","embeddable":true,"href":"https:\/\/cdewindsor.ca\/index.php\/wp-json\/wp\/v2\/categories?post=853"},{"taxonomy":"post_tag","embeddable":true,"href":"https:\/\/cdewindsor.ca\/index.php\/wp-json\/wp\/v2\/tags?post=853"}],"curies":[{"name":"wp","href":"https:\/\/api.w.org\/{rel}","templated":true}]}}