{"id":877,"date":"2026-02-04T14:30:32","date_gmt":"2026-02-04T19:30:32","guid":{"rendered":"https:\/\/cdewindsor.ca\/?p=877"},"modified":"2026-02-06T08:52:12","modified_gmt":"2026-02-06T13:52:12","slug":"defi-osentreprendre-2026-le-val-saint-francois-lance-officiellement-sa-28e-edition","status":"publish","type":"post","link":"https:\/\/cdewindsor.ca\/index.php\/2026\/02\/04\/defi-osentreprendre-2026-le-val-saint-francois-lance-officiellement-sa-28e-edition\/","title":{"rendered":"D\u00e9fi OSEntreprendre 2026 : le Val-Saint-Fran\u00e7ois lance officiellement sa 28\u1d49 \u00e9dition"},"content":{"rendered":"\n<p class=\"wp-block-paragraph\">D\u00e9veloppement Val-Saint-Fran\u00e7ois (DVSF) est fier de donner le coup d\u2019envoi de la <strong>28\u1d49 \u00e9dition du D\u00e9fi OSEntreprendre<\/strong>, volet <em>Cr\u00e9ation d\u2019entreprise<\/em>, pour le territoire de la MRC du Val-Saint-Fran\u00e7ois. Cet \u00e9v\u00e9nement rassembleur met en lumi\u00e8re l\u2019audace, la cr\u00e9ativit\u00e9 et l\u2019esprit entrepreneurial des \u00e9l\u00e8ves, des \u00e9tudiants et des entrepreneurs d\u2019ici.<\/p>\n\n\n\n<h2 class=\"wp-block-heading\">Le compte \u00e0 rebours est lanc\u00e9<\/h2>\n\n\n\n<p class=\"wp-block-paragraph\">Les personnes int\u00e9ress\u00e9es sont invit\u00e9es \u00e0 <strong>soumettre leur candidature d\u2019ici le 11 mars 2026, \u00e0 16 h<\/strong>. Les crit\u00e8res d\u2019admissibilit\u00e9, les cat\u00e9gories ainsi que les prix sp\u00e9ciaux sont disponibles en ligne sur <a><strong>www.osentreprendre.quebec<\/strong><\/a>.<\/p>\n\n\n\n<p class=\"wp-block-paragraph\">Une <strong>activit\u00e9 de remise de prix \u00e0 l\u2019\u00e9chelon de la MRC<\/strong> se tiendra en avril prochain afin de couronner les laur\u00e9ats du Val-Saint-Fran\u00e7ois. Les projets s\u00e9lectionn\u00e9s auront ensuite l\u2019opportunit\u00e9 de repr\u00e9senter le territoire \u00e0 l\u2019<strong>\u00e9chelon r\u00e9gional<\/strong>, soit au niveau de l\u2019Estrie.<\/p>\n\n\n\n<h2 class=\"wp-block-heading\">Un \u00e9cosyst\u00e8me mobilis\u00e9 pour l\u2019entrepreneuriat local<\/h2>\n\n\n\n<p class=\"wp-block-paragraph\">DVSF peut compter sur la <strong>pr\u00e9cieuse collaboration de partenaires engag\u00e9s<\/strong> qui partagent la volont\u00e9 de soutenir l\u2019entrepreneuriat du Val-Saint-Fran\u00e7ois. L\u2019organisation tient \u00e0 remercier la <strong>Caisse Desjardins du Val-Saint-Fran\u00e7ois<\/strong> ainsi que le <strong>Centre d\u2019aide aux entreprises du Val-Saint-Fran\u00e7ois<\/strong> pour leur contribution.<\/p>\n\n\n\n<p class=\"wp-block-paragraph\">\u00c0 compter de la mi-mars, un <strong>comit\u00e9 de s\u00e9lection<\/strong> sera mis en place afin d\u2019\u00e9valuer les candidatures provenant du territoire et d\u2019identifier les projets laur\u00e9ats appel\u00e9s \u00e0 poursuivre le parcours du D\u00e9fi.<\/p>\n\n\n\n<h2 class=\"wp-block-heading\">Un accompagnement personnalis\u00e9 pour les candidats<\/h2>\n\n\n\n<p class=\"wp-block-paragraph\">Le <strong>responsable local du D\u00e9fi OSEntreprendre<\/strong> pour la MRC du Val-Saint-Fran\u00e7ois est <strong>M. Louis-Philippe Laplante<\/strong>, conseiller aux entreprises \u00e0 D\u00e9veloppement Val-Saint-Fran\u00e7ois. Les personnes souhaitant d\u00e9poser leur candidature peuvent b\u00e9n\u00e9ficier d\u2019un accompagnement et sont invit\u00e9es \u00e0 communiquer avec lui :<\/p>\n\n\n\n<ul class=\"wp-block-list\">\n<li><strong>T\u00e9l\u00e9phone<\/strong> : 819 826-6505, poste 228<\/li>\n\n\n\n<li><strong>Courriel<\/strong> : <a>lp.laplante@mrcvsf.ca<\/a><\/li>\n<\/ul>\n\n\n\n<h2 class=\"wp-block-heading\">\u00c0 propos du D\u00e9fi OSEntreprendre<\/h2>\n\n\n\n<p class=\"wp-block-paragraph\">Le <strong>D\u00e9fi OSEntreprendre<\/strong> est un grand mouvement qu\u00e9b\u00e9cois qui <strong>rep\u00e8re, met en lumi\u00e8re et propulse l\u2019audace entrepreneuriale<\/strong> de milliers de personnes chaque ann\u00e9e. Il s\u2019adresse aux \u00e9l\u00e8ves, accompagn\u00e9s de leurs intervenants scolaires, aux \u00e9tudiants ainsi qu\u2019aux entrepreneurs.<\/p>\n\n\n\n<p class=\"wp-block-paragraph\">Pr\u00e9sent aux <strong>\u00e9chelons local, r\u00e9gional et national<\/strong>, le D\u00e9fi s\u2019enracine dans les 17 r\u00e9gions du Qu\u00e9bec gr\u00e2ce \u00e0 la mobilisation de <strong>plus de 300 responsables<\/strong>. Ensemble, ils inspirent et soutiennent le d\u00e9veloppement de l\u2019esprit d\u2019entreprendre partout au Qu\u00e9bec.<\/p>\n\n\n\n<hr class=\"wp-block-separator has-alpha-channel-opacity\"\/>\n\n\n\n<p class=\"wp-block-paragraph\"><em>Le Comit\u00e9 de d\u00e9veloppement \u00e9conomique de Windsor invite les entrepreneurs, \u00e9tudiants et \u00e9tablissements d\u2019enseignement du milieu \u00e0 profiter de cette vitrine exceptionnelle pour faire rayonner leurs projets et contribuer au dynamisme \u00e9conomique du Val-Saint-Fran\u00e7ois.<\/em><\/p>\n","protected":false},"excerpt":{"rendered":"<p>D\u00e9veloppement Val-Saint-Fran\u00e7ois (DVSF) est fier de donner le coup d\u2019envoi de la 28\u1d49 \u00e9dition du D\u00e9fi OSEntreprendre, volet Cr\u00e9ation d\u2019entreprise, pour le territoire de la MRC du Val-Saint-Fran\u00e7ois. Cet \u00e9v\u00e9nement rassembleur met en lumi\u00e8re l\u2019audace, la cr\u00e9ativit\u00e9 et l\u2019esprit entrepreneurial des \u00e9l\u00e8ves, des \u00e9tudiants et des entrepreneurs d\u2019ici. Le compte \u00e0 rebours est lanc\u00e9 Les [&hellip;]<\/p>\n","protected":false},"author":1,"featured_media":869,"comment_status":"closed","ping_status":"open","sticky":false,"template":"","format":"standard","meta":{"footnotes":""},"categories":[9],"tags":[],"class_list":["post-877","post","type-post","status-publish","format-standard","has-post-thumbnail","hentry","category-entrepreneuriat"],"_links":{"self":[{"href":"https:\/\/cdewindsor.ca\/index.php\/wp-json\/wp\/v2\/posts\/877","targetHints":{"allow":["GET"]}}],"collection":[{"href":"https:\/\/cdewindsor.ca\/index.php\/wp-json\/wp\/v2\/posts"}],"about":[{"href":"https:\/\/cdewindsor.ca\/index.php\/wp-json\/wp\/v2\/types\/post"}],"author":[{"embeddable":true,"href":"https:\/\/cdewindsor.ca\/index.php\/wp-json\/wp\/v2\/users\/1"}],"replies":[{"embeddable":true,"href":"https:\/\/cdewindsor.ca\/index.php\/wp-json\/wp\/v2\/comments?post=877"}],"version-history":[{"count":1,"href":"https:\/\/cdewindsor.ca\/index.php\/wp-json\/wp\/v2\/posts\/877\/revisions"}],"predecessor-version":[{"id":878,"href":"https:\/\/cdewindsor.ca\/index.php\/wp-json\/wp\/v2\/posts\/877\/revisions\/878"}],"wp:featuredmedia":[{"embeddable":true,"href":"https:\/\/cdewindsor.ca\/index.php\/wp-json\/wp\/v2\/media\/869"}],"wp:attachment":[{"href":"https:\/\/cdewindsor.ca\/index.php\/wp-json\/wp\/v2\/media?parent=877"}],"wp:term":[{"taxonomy":"category","embeddable":true,"href":"https:\/\/cdewindsor.ca\/index.php\/wp-json\/wp\/v2\/categories?post=877"},{"taxonomy":"post_tag","embeddable":true,"href":"https:\/\/cdewindsor.ca\/index.php\/wp-json\/wp\/v2\/tags?post=877"}],"curies":[{"name":"wp","href":"https:\/\/api.w.org\/{rel}","templated":true}]}}